{"id":5188,"date":"2024-05-19T11:20:02","date_gmt":"2024-05-19T10:20:02","guid":{"rendered":"https:\/\/www.craag.dz\/teste\/?p=5188"},"modified":"2024-07-16T10:17:45","modified_gmt":"2024-07-16T09:17:45","slug":"commemoration-de-la-journee-nationale-de-letudiant-a-luniversite-de-tlemcen","status":"publish","type":"post","link":"https:\/\/www.craag.dz\/index.php\/2024\/05\/19\/commemoration-de-la-journee-nationale-de-letudiant-a-luniversite-de-tlemcen\/","title":{"rendered":"Comm\u00e9moration de la Journ\u00e9e nationale de l&rsquo;\u00e9tudiant \u00e0 l&rsquo;universit\u00e9 de Tlemcen"},"content":{"rendered":"\n<figure data-wp-context=\"{&quot;uploadedSrc&quot;:&quot;https:\\\/\\\/www.craag.dz\\\/wp-content\\\/uploads\\\/2024\\\/05\\\/IMG_6508-scaled.jpg&quot;,&quot;figureClassNames&quot;:&quot;wp-block-image size-large&quot;,&quot;figureStyles&quot;:null,&quot;imgClassNames&quot;:&quot;wp-image-5202&quot;,&quot;imgStyles&quot;:null,&quot;targetWidth&quot;:2560,&quot;targetHeight&quot;:1707,&quot;scaleAttr&quot;:false,&quot;ariaLabel&quot;:&quot;Agrandir l\\u2018image&quot;,&quot;alt&quot;:&quot;&quot;}\" data-wp-interactive=\"core\/image\" class=\"wp-block-image size-large wp-lightbox-container\"><img fetchpriority=\"high\" decoding=\"async\" width=\"1024\" height=\"683\" data-wp-init=\"callbacks.setButtonStyles\" data-wp-on-async--click=\"actions.showLightbox\" data-wp-on-async--load=\"callbacks.setButtonStyles\" data-wp-on-async-window--resize=\"callbacks.setButtonStyles\" src=\"https:\/\/www.craag.dz\/wp-content\/uploads\/2024\/05\/IMG_6508-1024x683.jpg\" alt=\"\" class=\"wp-image-5202\" srcset=\"https:\/\/www.craag.dz\/wp-content\/uploads\/2024\/05\/IMG_6508-1024x683.jpg 1024w, https:\/\/www.craag.dz\/wp-content\/uploads\/2024\/05\/IMG_6508-300x200.jpg 300w, https:\/\/www.craag.dz\/wp-content\/uploads\/2024\/05\/IMG_6508-768x512.jpg 768w, https:\/\/www.craag.dz\/wp-content\/uploads\/2024\/05\/IMG_6508-1536x1024.jpg 1536w, https:\/\/www.craag.dz\/wp-content\/uploads\/2024\/05\/IMG_6508-2048x1365.jpg 2048w\" sizes=\"(max-width: 1024px) 100vw, 1024px\" \/><button\n\t\t\tclass=\"lightbox-trigger\"\n\t\t\ttype=\"button\"\n\t\t\taria-haspopup=\"dialog\"\n\t\t\taria-label=\"Agrandir l\u2018image\"\n\t\t\tdata-wp-init=\"callbacks.initTriggerButton\"\n\t\t\tdata-wp-on-async--click=\"actions.showLightbox\"\n\t\t\tdata-wp-style--right=\"context.imageButtonRight\"\n\t\t\tdata-wp-style--top=\"context.imageButtonTop\"\n\t\t>\n\t\t\t<svg xmlns=\"http:\/\/www.w3.org\/2000\/svg\" width=\"12\" height=\"12\" fill=\"none\" viewBox=\"0 0 12 12\">\n\t\t\t\t<path fill=\"#fff\" d=\"M2 0a2 2 0 0 0-2 2v2h1.5V2a.5.5 0 0 1 .5-.5h2V0H2Zm2 10.5H2a.5.5 0 0 1-.5-.5V8H0v2a2 2 0 0 0 2 2h2v-1.5ZM8 12v-1.5h2a.5.5 0 0 0 .5-.5V8H12v2a2 2 0 0 1-2 2H8Zm2-12a2 2 0 0 1 2 2v2h-1.5V2a.5.5 0 0 0-.5-.5H8V0h2Z\" \/>\n\t\t\t<\/svg>\n\t\t<\/button><\/figure>\n\n\n\n<p>A l&rsquo;occasion de la comm\u00e9moration du 68\u00e8me anniversaire de la journ\u00e9e nationale de l&rsquo;\u00e9tudiant, le CRAAG a particip\u00e9 \u00e0 une journ\u00e9e scientifique \u00e0 l\u2019Institut des Sciences Appliqu\u00e9es&nbsp; et de la Technologie (Universit\u00e9 de TLEMCEN), o\u00f9 une journ\u00e9e astronomique a \u00e9t\u00e9 organis\u00e9e en collaboration entre&nbsp;le CRAAG&nbsp;et ISTA&nbsp; dont le chercheur Baba Aissa Djounai&nbsp;a&nbsp;pr\u00e9sent\u00e9 une&nbsp; int\u00e9ressante&nbsp;conf\u00e9rence sur le th\u00e8me des plan\u00e8tes et des plan\u00e8tes en dehors du syst\u00e8me solaire, ce fut une excellente occasion de comprendre la profondeur de ces mondes myst\u00e9rieux.<\/p>\n\n\n\n<p>Des T\u00e9lescopes ont \u00e9t\u00e9 mis \u00e0 la disposition des \u00e9tudiants de l&rsquo;institut \u00a0\u00bbISTA\u00a0\u00bb de TLEMCEN pour l&rsquo;observation des taches solaires.<br>Cette journ\u00e9e a connu la visite des \u00e9l\u00e8ves de l\u2019\u00e9cole primaire Mamash Nadir, ou&nbsp;ils ont interagi avec enthousiasme, d\u00e9montrant l\u2019importance d\u2019encourager les jeunes \u00e0 d\u00e9couvrir et \u00e0 apprendre des domaines scientifiques.<\/p>\n\n\n\n<p>Cet \u00e9v\u00e9nement refl\u00e8te une coop\u00e9ration efficace entre les institutions scientifiques, encourageant la sensibilisation scientifique et l\u2019int\u00e9r\u00eat de la soci\u00e9t\u00e9 dans les domaines de l\u2019astronomie et de l\u2019espace.<\/p>\n","protected":false},"excerpt":{"rendered":"<p>A l&rsquo;occasion de la comm\u00e9moration du 68\u00e8me anniversaire de la journ\u00e9e nationale de l&rsquo;\u00e9tudiant, le CRAAG a particip\u00e9 \u00e0 une journ\u00e9e scientifique \u00e0 l\u2019Institut des Sciences Appliqu\u00e9es&nbsp; et de la Technologie (Universit\u00e9 de TLEMCEN), o\u00f9 une journ\u00e9e astronomique a \u00e9t\u00e9 organis\u00e9e en collaboration entre&nbsp;le CRAAG&nbsp;et ISTA&nbsp; dont le chercheur Baba Aissa Djounai&nbsp;a&nbsp;pr\u00e9sent\u00e9 une&nbsp; int\u00e9ressante&nbsp;conf\u00e9rence sur [&hellip;]<\/p>\n","protected":false},"author":1,"featured_media":5202,"comment_status":"open","ping_status":"open","sticky":false,"template":"","format":"standard","meta":{"site-sidebar-layout":"default","site-content-layout":"","ast-site-content-layout":"default","site-content-style":"default","site-sidebar-style":"default","ast-global-header-display":"","ast-banner-title-visibility":"","ast-main-header-display":"","ast-hfb-above-header-display":"","ast-hfb-below-header-display":"","ast-hfb-mobile-header-display":"","site-post-title":"","ast-breadcrumbs-content":"","ast-featured-img":"disabled","footer-sml-layout":"","theme-transparent-header-meta":"","adv-header-id-meta":"","stick-header-meta":"","header-above-stick-meta":"","header-main-stick-meta":"","header-below-stick-meta":"","astra-migrate-meta-layouts":"set","ast-page-background-enabled":"default","ast-page-background-meta":{"desktop":{"background-color":"var(--ast-global-color-4)","background-image":"","background-repeat":"repeat","background-position":"center center","background-size":"auto","background-attachment":"scroll","background-type":"","background-media":"","overlay-type":"","overlay-color":"","overlay-opacity":"","overlay-gradient":""},"tablet":{"background-color":"","background-image":"","background-repeat":"repeat","background-position":"center center","background-size":"auto","background-attachment":"scroll","background-type":"","background-media":"","overlay-type":"","overlay-color":"","overlay-opacity":"","overlay-gradient":""},"mobile":{"background-color":"","background-image":"","background-repeat":"repeat","background-position":"center center","background-size":"auto","background-attachment":"scroll","background-type":"","background-media":"","overlay-type":"","overlay-color":"","overlay-opacity":"","overlay-gradient":""}},"ast-content-background-meta":{"desktop":{"background-color":"var(--ast-global-color-5)","background-image":"","background-repeat":"repeat","background-position":"center center","background-size":"auto","background-attachment":"scroll","background-type":"","background-media":"","overlay-type":"","overlay-color":"","overlay-opacity":"","overlay-gradient":""},"tablet":{"background-color":"var(--ast-global-color-5)","background-image":"","background-repeat":"repeat","background-position":"center center","background-size":"auto","background-attachment":"scroll","background-type":"","background-media":"","overlay-type":"","overlay-color":"","overlay-opacity":"","overlay-gradient":""},"mobile":{"background-color":"var(--ast-global-color-5)","background-image":"","background-repeat":"repeat","background-position":"center center","background-size":"auto","background-attachment":"scroll","background-type":"","background-media":"","overlay-type":"","overlay-color":"","overlay-opacity":"","overlay-gradient":""}},"footnotes":""},"categories":[7],"tags":[],"class_list":["post-5188","post","type-post","status-publish","format-standard","has-post-thumbnail","hentry","category-fil-dactalite"],"_links":{"self":[{"href":"https:\/\/www.craag.dz\/index.php\/wp-json\/wp\/v2\/posts\/5188"}],"collection":[{"href":"https:\/\/www.craag.dz\/index.php\/wp-json\/wp\/v2\/posts"}],"about":[{"href":"https:\/\/www.craag.dz\/index.php\/wp-json\/wp\/v2\/types\/post"}],"author":[{"embeddable":true,"href":"https:\/\/www.craag.dz\/index.php\/wp-json\/wp\/v2\/users\/1"}],"replies":[{"embeddable":true,"href":"https:\/\/www.craag.dz\/index.php\/wp-json\/wp\/v2\/comments?post=5188"}],"version-history":[{"count":3,"href":"https:\/\/www.craag.dz\/index.php\/wp-json\/wp\/v2\/posts\/5188\/revisions"}],"predecessor-version":[{"id":5842,"href":"https:\/\/www.craag.dz\/index.php\/wp-json\/wp\/v2\/posts\/5188\/revisions\/5842"}],"wp:featuredmedia":[{"embeddable":true,"href":"https:\/\/www.craag.dz\/index.php\/wp-json\/wp\/v2\/media\/5202"}],"wp:attachment":[{"href":"https:\/\/www.craag.dz\/index.php\/wp-json\/wp\/v2\/media?parent=5188"}],"wp:term":[{"taxonomy":"category","embeddable":true,"href":"https:\/\/www.craag.dz\/index.php\/wp-json\/wp\/v2\/categories?post=5188"},{"taxonomy":"post_tag","embeddable":true,"href":"https:\/\/www.craag.dz\/index.php\/wp-json\/wp\/v2\/tags?post=5188"}],"curies":[{"name":"wp","href":"https:\/\/api.w.org\/{rel}","templated":true}]}}